{"id":3486,"date":"2026-08-27T21:10:17","date_gmt":"2026-08-27T19:10:17","guid":{"rendered":"https:\/\/www.milbertshofener-buehne.de\/?p=3486"},"modified":"2026-08-27T21:10:17","modified_gmt":"2026-08-27T19:10:17","slug":"es-geht-schon-wieder-los-start-der-spielsaison-2026","status":"publish","type":"post","link":"https:\/\/www.milbertshofener-buehne.de\/?p=3486","title":{"rendered":"Es geht schon wieder los &#8211; Start der Spielsaison 2026!"},"content":{"rendered":"<p>Das neue St\u00fcck ist gefunden und die Rollen verteilt.<\/p>\n<p>Wir starten mit voller Kraft in die Proben zu unserem diesj\u00e4hrigen St\u00fcck:<\/p>\n<p>&#8222;<strong>Achtung &#8211; B\u00e4r<\/strong>&#8220;<\/p>\n<p>Gespielt wird &#8211; so wie letztes Jahr &#8211; im Pfarrsaal der Pfarrei St. Georg in Milbertshofen.<\/p>\n<p><a href=\"https:\/\/www.milbertshofener-buehne.de\/?page_id=19\">Spieldaten<\/a>\u00a0und\u00a0<a href=\"https:\/\/www.milbertshofener-buehne.de\/?page_id=67\">Anfahrt<\/a>\u00a0findet Ihr wie immer direkt hier auf der Website.<\/p>\n","protected":false},"excerpt":{"rendered":"<p>Das neue St\u00fcck ist gefunden und die Rollen verteilt. Wir starten mit voller Kraft in die Proben zu unserem diesj\u00e4hrigen St\u00fcck: &#8222;Achtung &#8211; B\u00e4r&#8220; Gespielt wird &#8211; so wie letztes Jahr &#8211; im Pfarrsaal der Pfarrei St. Georg in Milbertshofen. Spieldaten\u00a0und\u00a0Anfahrt\u00a0findet Ihr wie immer direkt hier auf der Website.<\/p>\n","protected":false},"author":1,"featured_media":0,"comment_status":"closed","ping_status":"closed","sticky":false,"template":"","format":"standard","meta":{"footnotes":""},"categories":[1],"tags":[],"class_list":["post-3486","post","type-post","status-publish","format-standard","hentry","category-uncategorized"],"_links":{"self":[{"href":"https:\/\/www.milbertshofener-buehne.de\/index.php?rest_route=\/wp\/v2\/posts\/3486","targetHints":{"allow":["GET"]}}],"collection":[{"href":"https:\/\/www.milbertshofener-buehne.de\/index.php?rest_route=\/wp\/v2\/posts"}],"about":[{"href":"https:\/\/www.milbertshofener-buehne.de\/index.php?rest_route=\/wp\/v2\/types\/post"}],"author":[{"embeddable":true,"href":"https:\/\/www.milbertshofener-buehne.de\/index.php?rest_route=\/wp\/v2\/users\/1"}],"replies":[{"embeddable":true,"href":"https:\/\/www.milbertshofener-buehne.de\/index.php?rest_route=%2Fwp%2Fv2%2Fcomments&post=3486"}],"version-history":[{"count":1,"href":"https:\/\/www.milbertshofener-buehne.de\/index.php?rest_route=\/wp\/v2\/posts\/3486\/revisions"}],"predecessor-version":[{"id":3487,"href":"https:\/\/www.milbertshofener-buehne.de\/index.php?rest_route=\/wp\/v2\/posts\/3486\/revisions\/3487"}],"wp:attachment":[{"href":"https:\/\/www.milbertshofener-buehne.de\/index.php?rest_route=%2Fwp%2Fv2%2Fmedia&parent=3486"}],"wp:term":[{"taxonomy":"category","embeddable":true,"href":"https:\/\/www.milbertshofener-buehne.de\/index.php?rest_route=%2Fwp%2Fv2%2Fcategories&post=3486"},{"taxonomy":"post_tag","embeddable":true,"href":"https:\/\/www.milbertshofener-buehne.de\/index.php?rest_route=%2Fwp%2Fv2%2Ftags&post=3486"}],"curies":[{"name":"wp","href":"https:\/\/api.w.org\/{rel}","templated":true}]}}